{"id":26566,"date":"2026-04-17T09:05:00","date_gmt":"2026-04-17T07:05:00","guid":{"rendered":"https:\/\/lukardi.com\/?p=26566"},"modified":"2026-04-27T13:55:02","modified_gmt":"2026-04-27T11:55:02","slug":"zukunftstag_mittelstand","status":"publish","type":"post","link":"https:\/\/lukardi.com\/se\/nyheter\/zukunftstag_mittelstand\/","title":{"rendered":"Lukardi na Zukunftstag Mittelstand w Berlinie"},"content":{"rendered":"<div data-elementor-type=\"wp-post\" data-elementor-id=\"26566\" class=\"elementor elementor-26566\" data-elementor-post-type=\"post\">\n\t\t\t\t<div class=\"elementor-element elementor-element-7c05c11a e-flex e-con-boxed e-con e-parent\" data-id=\"7c05c11a\" data-element_type=\"container\" data-e-type=\"container\">\n\t\t\t\t\t<div class=\"e-con-inner\">\n\t\t<div class=\"elementor-element elementor-element-767560b e-con-full e-flex e-con e-child\" data-id=\"767560b\" data-element_type=\"container\" data-e-type=\"container\">\n\t\t<div class=\"elementor-element elementor-element-e6301fa e-con-full e-flex e-con e-child\" data-id=\"e6301fa\" data-element_type=\"container\" data-e-type=\"container\">\n\t\t\t\t<div class=\"elementor-element elementor-element-48fb856 elementor-widget elementor-widget-image\" data-id=\"48fb856\" data-element_type=\"widget\" data-e-type=\"widget\" data-widget_type=\"image.default\">\n\t\t\t\t<div class=\"elementor-widget-container\">\n\t\t\t\t\t\t\t\t\t\t\t\t\t\t\t\t<a href=\"https:\/\/get.pathlock.com\/pathlock-innovation-days?cid=701PZ00000hHD1nYAG&#038;sid=lukardi\" target=\"_blank\">\n\t\t\t\t\t\t\t<img fetchpriority=\"high\" decoding=\"async\" width=\"800\" height=\"533\" src=\"https:\/\/lukardi.com\/wp-content\/uploads\/2026\/04\/Berlin_2604-1024x682.jpeg\" class=\"attachment-large size-large wp-image-26569 no-lazyload\" alt=\"\" srcset=\"https:\/\/lukardi.com\/wp-content\/uploads\/2026\/04\/Berlin_2604-1024x682.jpeg 1024w, https:\/\/lukardi.com\/wp-content\/uploads\/2026\/04\/Berlin_2604-300x200.jpeg 300w, https:\/\/lukardi.com\/wp-content\/uploads\/2026\/04\/Berlin_2604-768x512.jpeg 768w, https:\/\/lukardi.com\/wp-content\/uploads\/2026\/04\/Berlin_2604-1536x1023.jpeg 1536w, https:\/\/lukardi.com\/wp-content\/uploads\/2026\/04\/Berlin_2604-18x12.jpeg 18w, https:\/\/lukardi.com\/wp-content\/uploads\/2026\/04\/Berlin_2604.jpeg 1600w\" sizes=\"(max-width: 800px) 100vw, 800px\" \/>\t\t\t\t\t\t\t\t<\/a>\n\t\t\t\t\t\t\t\t\t\t\t\t\t\t\t<\/div>\n\t\t\t\t<\/div>\n\t\t\t\t<div class=\"elementor-element elementor-element-765c3de news-editor elementor-widget elementor-widget-text-editor\" data-id=\"765c3de\" data-element_type=\"widget\" data-e-type=\"widget\" data-widget_type=\"text-editor.default\">\n\t\t\t\t<div class=\"elementor-widget-container\">\n\t\t\t\t\t\t\t\t\t<h3>Lukardi w Berlinie \u2013 technologie, relacje i nowe perspektywy wsp\u00f3\u0142pracy<\/h3><div><p>Mi\u0119dzynarodowe projekty bardzo cz\u0119sto zaczynaj\u0105 si\u0119 od rozm\u00f3w, bezpo\u015brednich spotka\u0144, wymiany do\u015bwiadcze\u0144 i budowania zaufania.<br \/>Dlatego obecno\u015b\u0107 Lukardi na wydarzeniach, kt\u00f3re skupiaj\u0105 lider\u00f3w biznesu i decydent\u00f3w, ma dla nas szczeg\u00f3lne znaczenie.<\/p><p>Niemcy pozostaj\u0105 jednym z kluczowych rynk\u00f3w dla rozwoju innowacji technologicznych oraz d\u0142ugofalowych partnerstw, zw\u0142aszcza w obszarze transformacji cyfrowej i nowoczesnych rozwi\u0105za\u0144 dla sektora Mittelstand. Z tego powodu wzi\u0119li\u015bmy udzia\u0142 w <strong>Zukunftstag Mittelstand<\/strong>, organizowanym przez <strong>BVMW<\/strong> w Berlinie.<\/p><p>W trakcie wydarzenia mieli\u015bmy okazj\u0119 spotka\u0107 si\u0119 z przedstawicielami firm, kt\u00f3re \u2013 podobnie jak Lukardi \u2013 my\u015bl\u0105 o rozwoju w perspektywie d\u0142ugoterminowej, stawiaj\u0105 na technologi\u0119, efektywno\u015b\u0107 proces\u00f3w i partnersk\u0105 wsp\u00f3\u0142prac\u0119. Rozmowy dotyczy\u0142y zar\u00f3wno wyzwa\u0144 biznesowych, jak i realnych mo\u017cliwo\u015bci wsp\u00f3\u0142pracy mi\u0119dzynarodowej.<\/p><p>Wracamy z Berlina z now\u0105 energi\u0105, \u015bwie\u017cymi pomys\u0142ami oraz warto\u015bciowymi relacjami, kt\u00f3re mog\u0105 sta\u0107 si\u0119 pocz\u0105tkiem kolejnych wsp\u00f3lnych projekt\u00f3w na rynku niemieckim.<\/p><p>Dzi\u0119kujemy wszystkim, z kt\u00f3rymi mieli\u015bmy przyjemno\u015b\u0107 spotka\u0107 si\u0119 podczas wydarzenia.<\/p><\/div>\t\t\t\t\t\t\t\t<\/div>\n\t\t\t\t<\/div>\n\t\t\t\t<\/div>\n\t\t\t\t<\/div>\n\t\t\t\t\t<\/div>\n\t\t\t\t<\/div>\n\t\t<div class=\"elementor-element elementor-element-afa3602 e-flex e-con-boxed e-con e-parent\" data-id=\"afa3602\" data-element_type=\"container\" data-e-type=\"container\">\n\t\t\t\t\t<div class=\"e-con-inner\">\n\t\t<div class=\"elementor-element elementor-element-beb95c1 e-con-full e-flex e-con e-child\" data-id=\"beb95c1\" data-element_type=\"container\" data-e-type=\"container\">\n\t\t\t\t<div class=\"elementor-element elementor-element-311bb48 elementor-widget-divider--view-line elementor-widget elementor-widget-divider\" data-id=\"311bb48\" data-element_type=\"widget\" data-e-type=\"widget\" data-widget_type=\"divider.default\">\n\t\t\t\t<div class=\"elementor-widget-container\">\n\t\t\t\t\t\t\t<div class=\"elementor-divider\">\n\t\t\t<span class=\"elementor-divider-separator\">\n\t\t\t\t\t\t<\/span>\n\t\t<\/div>\n\t\t\t\t\t\t<\/div>\n\t\t\t\t<\/div>\n\t\t\t\t<\/div>\n\t\t\t\t\t<\/div>\n\t\t\t\t<\/div>\n\t\t<div class=\"elementor-element elementor-element-31d0f82 e-flex e-con-boxed e-con e-parent\" data-id=\"31d0f82\" data-element_type=\"container\" data-e-type=\"container\">\n\t\t\t\t\t<div class=\"e-con-inner\">\n\t\t\t\t\t<\/div>\n\t\t\t\t<\/div>\n\t\t<div class=\"elementor-element elementor-element-eb692f4 e-flex e-con-boxed e-con e-parent\" data-id=\"eb692f4\" data-element_type=\"container\" data-e-type=\"container\">\n\t\t\t\t\t<div class=\"e-con-inner\">\n\t\t\t\t\t<\/div>\n\t\t\t\t<\/div>\n\t\t\t\t<\/div>","protected":false},"excerpt":{"rendered":"<p>Rozmowy, relacje i nowe perspektywy wsp\u00f3\u0142pracy. Zukunftstag Mittelstand w Berlinie by\u0142 dla Lukardi wa\u017cnym krokiem w kierunku rynku niemieckiego.<\/p>","protected":false},"author":2,"featured_media":0,"comment_status":"closed","ping_status":"open","sticky":false,"template":"","format":"standard","meta":{"footnotes":""},"categories":[9],"tags":[],"class_list":["post-26566","post","type-post","status-publish","format-standard","hentry","category-aktualnosci"],"yoast_head":"<!-- This site is optimized with the Yoast SEO plugin v26.9 - https:\/\/yoast.com\/product\/yoast-seo-wordpress\/ -->\n<title>Lukardi na Zukunftstag Mittelstand w Berlinie - Lukardi<\/title>\n<meta name=\"description\" content=\"Lukardi na Zukunftstag Mittelstand w Berlinie \u2013 rozmowy o innowacjach, technologii i mi\u0119dzynarodowej wsp\u00f3\u0142pracy na rynku niemieckim.\" \/>\n<meta name=\"robots\" content=\"index, follow, max-snippet:-1, max-image-preview:large, max-video-preview:-1\" \/>\n<link rel=\"canonical\" href=\"https:\/\/lukardi.com\/se\/nyheter\/zukunftstag_mittelstand\/\" \/>\n<meta property=\"og:locale\" content=\"sv_SE\" \/>\n<meta property=\"og:type\" content=\"article\" \/>\n<meta property=\"og:title\" content=\"Lukardi na Zukunftstag Mittelstand w Berlinie - Lukardi\" \/>\n<meta property=\"og:description\" content=\"Lukardi na Zukunftstag Mittelstand w Berlinie \u2013 rozmowy o innowacjach, technologii i mi\u0119dzynarodowej wsp\u00f3\u0142pracy na rynku niemieckim.\" \/>\n<meta property=\"og:url\" content=\"https:\/\/lukardi.com\/se\/nyheter\/zukunftstag_mittelstand\/\" \/>\n<meta property=\"og:site_name\" content=\"Lukardi\" \/>\n<meta property=\"article:published_time\" content=\"2026-04-17T07:05:00+00:00\" \/>\n<meta property=\"article:modified_time\" content=\"2026-04-27T11:55:02+00:00\" \/>\n<meta property=\"og:image\" content=\"https:\/\/lukardi.com\/wp-content\/uploads\/2026\/04\/Berlin_2604-1024x682.jpeg\" \/>\n<meta name=\"author\" content=\"Joanna Komsa\" \/>\n<meta name=\"twitter:card\" content=\"summary_large_image\" \/>\n<meta name=\"twitter:label1\" content=\"Skriven av\" \/>\n\t<meta name=\"twitter:data1\" content=\"Joanna Komsa\" \/>\n\t<meta name=\"twitter:label2\" content=\"Ber\u00e4knad l\u00e4stid\" \/>\n\t<meta name=\"twitter:data2\" content=\"2 minuter\" \/>\n<script type=\"application\/ld+json\" class=\"yoast-schema-graph\">{\"@context\":\"https:\/\/schema.org\",\"@graph\":[{\"@type\":\"Article\",\"@id\":\"https:\/\/lukardi.com\/aktualnosci\/zukunftstag_mittelstand\/#article\",\"isPartOf\":{\"@id\":\"https:\/\/lukardi.com\/aktualnosci\/zukunftstag_mittelstand\/\"},\"author\":{\"name\":\"Joanna Komsa\",\"@id\":\"https:\/\/lukardi.com\/#\/schema\/person\/43bdd51f2363c09da9107ae503b206ca\"},\"headline\":\"Lukardi na Zukunftstag Mittelstand w Berlinie\",\"datePublished\":\"2026-04-17T07:05:00+00:00\",\"dateModified\":\"2026-04-27T11:55:02+00:00\",\"mainEntityOfPage\":{\"@id\":\"https:\/\/lukardi.com\/aktualnosci\/zukunftstag_mittelstand\/\"},\"wordCount\":192,\"publisher\":{\"@id\":\"https:\/\/lukardi.com\/#organization\"},\"image\":{\"@id\":\"https:\/\/lukardi.com\/aktualnosci\/zukunftstag_mittelstand\/#primaryimage\"},\"thumbnailUrl\":\"https:\/\/lukardi.com\/wp-content\/uploads\/2026\/04\/Berlin_2604-1024x682.jpeg\",\"articleSection\":[\"Aktualno\u015bci\"],\"inLanguage\":\"sv-SE\"},{\"@type\":\"WebPage\",\"@id\":\"https:\/\/lukardi.com\/aktualnosci\/zukunftstag_mittelstand\/\",\"url\":\"https:\/\/lukardi.com\/aktualnosci\/zukunftstag_mittelstand\/\",\"name\":\"Lukardi na Zukunftstag Mittelstand w Berlinie - Lukardi\",\"isPartOf\":{\"@id\":\"https:\/\/lukardi.com\/#website\"},\"primaryImageOfPage\":{\"@id\":\"https:\/\/lukardi.com\/aktualnosci\/zukunftstag_mittelstand\/#primaryimage\"},\"image\":{\"@id\":\"https:\/\/lukardi.com\/aktualnosci\/zukunftstag_mittelstand\/#primaryimage\"},\"thumbnailUrl\":\"https:\/\/lukardi.com\/wp-content\/uploads\/2026\/04\/Berlin_2604-1024x682.jpeg\",\"datePublished\":\"2026-04-17T07:05:00+00:00\",\"dateModified\":\"2026-04-27T11:55:02+00:00\",\"description\":\"Lukardi na Zukunftstag Mittelstand w Berlinie \u2013 rozmowy o innowacjach, technologii i mi\u0119dzynarodowej wsp\u00f3\u0142pracy na rynku niemieckim.\",\"breadcrumb\":{\"@id\":\"https:\/\/lukardi.com\/aktualnosci\/zukunftstag_mittelstand\/#breadcrumb\"},\"inLanguage\":\"sv-SE\",\"potentialAction\":[{\"@type\":\"ReadAction\",\"target\":[\"https:\/\/lukardi.com\/aktualnosci\/zukunftstag_mittelstand\/\"]}]},{\"@type\":\"ImageObject\",\"inLanguage\":\"sv-SE\",\"@id\":\"https:\/\/lukardi.com\/aktualnosci\/zukunftstag_mittelstand\/#primaryimage\",\"url\":\"https:\/\/lukardi.com\/wp-content\/uploads\/2026\/04\/Berlin_2604-1024x682.jpeg\",\"contentUrl\":\"https:\/\/lukardi.com\/wp-content\/uploads\/2026\/04\/Berlin_2604-1024x682.jpeg\"},{\"@type\":\"BreadcrumbList\",\"@id\":\"https:\/\/lukardi.com\/aktualnosci\/zukunftstag_mittelstand\/#breadcrumb\",\"itemListElement\":[{\"@type\":\"ListItem\",\"position\":1,\"name\":\"Lukardi\",\"item\":\"https:\/\/lukardi.com\/\"},{\"@type\":\"ListItem\",\"position\":2,\"name\":\"Aktualno\u015bci\",\"item\":\"https:\/\/lukardi.com\/category\/aktualnosci\/\"},{\"@type\":\"ListItem\",\"position\":3,\"name\":\"Lukardi na Zukunftstag Mittelstand w Berlinie\"}]},{\"@type\":\"WebSite\",\"@id\":\"https:\/\/lukardi.com\/#website\",\"url\":\"https:\/\/lukardi.com\/\",\"name\":\"Lukardi\",\"description\":\"Lukardi\",\"publisher\":{\"@id\":\"https:\/\/lukardi.com\/#organization\"},\"potentialAction\":[{\"@type\":\"SearchAction\",\"target\":{\"@type\":\"EntryPoint\",\"urlTemplate\":\"https:\/\/lukardi.com\/?s={search_term_string}\"},\"query-input\":{\"@type\":\"PropertyValueSpecification\",\"valueRequired\":true,\"valueName\":\"search_term_string\"}}],\"inLanguage\":\"sv-SE\"},{\"@type\":\"Organization\",\"@id\":\"https:\/\/lukardi.com\/#organization\",\"name\":\"Lukardi\",\"url\":\"https:\/\/lukardi.com\/\",\"logo\":{\"@type\":\"ImageObject\",\"inLanguage\":\"sv-SE\",\"@id\":\"https:\/\/lukardi.com\/#\/schema\/logo\/image\/\",\"url\":\"https:\/\/lukardi.com\/wp-content\/uploads\/2024\/06\/Logo_Lukardi1.svg\",\"contentUrl\":\"https:\/\/lukardi.com\/wp-content\/uploads\/2024\/06\/Logo_Lukardi1.svg\",\"width\":489,\"height\":80,\"caption\":\"Lukardi\"},\"image\":{\"@id\":\"https:\/\/lukardi.com\/#\/schema\/logo\/image\/\"}},{\"@type\":\"Person\",\"@id\":\"https:\/\/lukardi.com\/#\/schema\/person\/43bdd51f2363c09da9107ae503b206ca\",\"name\":\"Joanna Komsa\",\"image\":{\"@type\":\"ImageObject\",\"inLanguage\":\"sv-SE\",\"@id\":\"https:\/\/lukardi.com\/#\/schema\/person\/image\/\",\"url\":\"https:\/\/secure.gravatar.com\/avatar\/fea8a32a183a08e902f2fc2f34d3f5e0f6f18f00ffb608d75ecd23556ce11982?s=96&d=wavatar&r=g\",\"contentUrl\":\"https:\/\/secure.gravatar.com\/avatar\/fea8a32a183a08e902f2fc2f34d3f5e0f6f18f00ffb608d75ecd23556ce11982?s=96&d=wavatar&r=g\",\"caption\":\"Joanna Komsa\"}}]}<\/script>\n<!-- \/ Yoast SEO plugin. -->","yoast_head_json":{"title":"Lukardi na Zukunftstag Mittelstand w Berlinie - Lukardi","description":"Lukardi na Zukunftstag Mittelstand w Berlinie \u2013 rozmowy o innowacjach, technologii i mi\u0119dzynarodowej wsp\u00f3\u0142pracy na rynku niemieckim.","robots":{"index":"index","follow":"follow","max-snippet":"max-snippet:-1","max-image-preview":"max-image-preview:large","max-video-preview":"max-video-preview:-1"},"canonical":"https:\/\/lukardi.com\/se\/nyheter\/zukunftstag_mittelstand\/","og_locale":"sv_SE","og_type":"article","og_title":"Lukardi na Zukunftstag Mittelstand w Berlinie - Lukardi","og_description":"Lukardi na Zukunftstag Mittelstand w Berlinie \u2013 rozmowy o innowacjach, technologii i mi\u0119dzynarodowej wsp\u00f3\u0142pracy na rynku niemieckim.","og_url":"https:\/\/lukardi.com\/se\/nyheter\/zukunftstag_mittelstand\/","og_site_name":"Lukardi","article_published_time":"2026-04-17T07:05:00+00:00","article_modified_time":"2026-04-27T11:55:02+00:00","og_image":[{"url":"https:\/\/lukardi.com\/wp-content\/uploads\/2026\/04\/Berlin_2604-1024x682.jpeg","type":"","width":"","height":""}],"author":"Joanna Komsa","twitter_card":"summary_large_image","twitter_misc":{"Skriven av":"Joanna Komsa","Ber\u00e4knad l\u00e4stid":"2 minuter"},"schema":{"@context":"https:\/\/schema.org","@graph":[{"@type":"Article","@id":"https:\/\/lukardi.com\/aktualnosci\/zukunftstag_mittelstand\/#article","isPartOf":{"@id":"https:\/\/lukardi.com\/aktualnosci\/zukunftstag_mittelstand\/"},"author":{"name":"Joanna Komsa","@id":"https:\/\/lukardi.com\/#\/schema\/person\/43bdd51f2363c09da9107ae503b206ca"},"headline":"Lukardi na Zukunftstag Mittelstand w Berlinie","datePublished":"2026-04-17T07:05:00+00:00","dateModified":"2026-04-27T11:55:02+00:00","mainEntityOfPage":{"@id":"https:\/\/lukardi.com\/aktualnosci\/zukunftstag_mittelstand\/"},"wordCount":192,"publisher":{"@id":"https:\/\/lukardi.com\/#organization"},"image":{"@id":"https:\/\/lukardi.com\/aktualnosci\/zukunftstag_mittelstand\/#primaryimage"},"thumbnailUrl":"https:\/\/lukardi.com\/wp-content\/uploads\/2026\/04\/Berlin_2604-1024x682.jpeg","articleSection":["Aktualno\u015bci"],"inLanguage":"sv-SE"},{"@type":"WebPage","@id":"https:\/\/lukardi.com\/aktualnosci\/zukunftstag_mittelstand\/","url":"https:\/\/lukardi.com\/aktualnosci\/zukunftstag_mittelstand\/","name":"Lukardi na Zukunftstag Mittelstand w Berlinie - Lukardi","isPartOf":{"@id":"https:\/\/lukardi.com\/#website"},"primaryImageOfPage":{"@id":"https:\/\/lukardi.com\/aktualnosci\/zukunftstag_mittelstand\/#primaryimage"},"image":{"@id":"https:\/\/lukardi.com\/aktualnosci\/zukunftstag_mittelstand\/#primaryimage"},"thumbnailUrl":"https:\/\/lukardi.com\/wp-content\/uploads\/2026\/04\/Berlin_2604-1024x682.jpeg","datePublished":"2026-04-17T07:05:00+00:00","dateModified":"2026-04-27T11:55:02+00:00","description":"Lukardi na Zukunftstag Mittelstand w Berlinie \u2013 rozmowy o innowacjach, technologii i mi\u0119dzynarodowej wsp\u00f3\u0142pracy na rynku niemieckim.","breadcrumb":{"@id":"https:\/\/lukardi.com\/aktualnosci\/zukunftstag_mittelstand\/#breadcrumb"},"inLanguage":"sv-SE","potentialAction":[{"@type":"ReadAction","target":["https:\/\/lukardi.com\/aktualnosci\/zukunftstag_mittelstand\/"]}]},{"@type":"ImageObject","inLanguage":"sv-SE","@id":"https:\/\/lukardi.com\/aktualnosci\/zukunftstag_mittelstand\/#primaryimage","url":"https:\/\/lukardi.com\/wp-content\/uploads\/2026\/04\/Berlin_2604-1024x682.jpeg","contentUrl":"https:\/\/lukardi.com\/wp-content\/uploads\/2026\/04\/Berlin_2604-1024x682.jpeg"},{"@type":"BreadcrumbList","@id":"https:\/\/lukardi.com\/aktualnosci\/zukunftstag_mittelstand\/#breadcrumb","itemListElement":[{"@type":"ListItem","position":1,"name":"Lukardi","item":"https:\/\/lukardi.com\/"},{"@type":"ListItem","position":2,"name":"Aktualno\u015bci","item":"https:\/\/lukardi.com\/category\/aktualnosci\/"},{"@type":"ListItem","position":3,"name":"Lukardi na Zukunftstag Mittelstand w Berlinie"}]},{"@type":"WebSite","@id":"https:\/\/lukardi.com\/#website","url":"https:\/\/lukardi.com\/","name":"Lukardi","description":"Lukardi","publisher":{"@id":"https:\/\/lukardi.com\/#organization"},"potentialAction":[{"@type":"SearchAction","target":{"@type":"EntryPoint","urlTemplate":"https:\/\/lukardi.com\/?s={search_term_string}"},"query-input":{"@type":"PropertyValueSpecification","valueRequired":true,"valueName":"search_term_string"}}],"inLanguage":"sv-SE"},{"@type":"Organization","@id":"https:\/\/lukardi.com\/#organization","name":"Lukardi","url":"https:\/\/lukardi.com\/","logo":{"@type":"ImageObject","inLanguage":"sv-SE","@id":"https:\/\/lukardi.com\/#\/schema\/logo\/image\/","url":"https:\/\/lukardi.com\/wp-content\/uploads\/2024\/06\/Logo_Lukardi1.svg","contentUrl":"https:\/\/lukardi.com\/wp-content\/uploads\/2024\/06\/Logo_Lukardi1.svg","width":489,"height":80,"caption":"Lukardi"},"image":{"@id":"https:\/\/lukardi.com\/#\/schema\/logo\/image\/"}},{"@type":"Person","@id":"https:\/\/lukardi.com\/#\/schema\/person\/43bdd51f2363c09da9107ae503b206ca","name":"Joanna Komsa","image":{"@type":"ImageObject","inLanguage":"sv-SE","@id":"https:\/\/lukardi.com\/#\/schema\/person\/image\/","url":"https:\/\/secure.gravatar.com\/avatar\/fea8a32a183a08e902f2fc2f34d3f5e0f6f18f00ffb608d75ecd23556ce11982?s=96&d=wavatar&r=g","contentUrl":"https:\/\/secure.gravatar.com\/avatar\/fea8a32a183a08e902f2fc2f34d3f5e0f6f18f00ffb608d75ecd23556ce11982?s=96&d=wavatar&r=g","caption":"Joanna Komsa"}}]}},"_links":{"self":[{"href":"https:\/\/lukardi.com\/se\/wp-json\/wp\/v2\/posts\/26566","targetHints":{"allow":["GET"]}}],"collection":[{"href":"https:\/\/lukardi.com\/se\/wp-json\/wp\/v2\/posts"}],"about":[{"href":"https:\/\/lukardi.com\/se\/wp-json\/wp\/v2\/types\/post"}],"author":[{"embeddable":true,"href":"https:\/\/lukardi.com\/se\/wp-json\/wp\/v2\/users\/2"}],"replies":[{"embeddable":true,"href":"https:\/\/lukardi.com\/se\/wp-json\/wp\/v2\/comments?post=26566"}],"version-history":[{"count":4,"href":"https:\/\/lukardi.com\/se\/wp-json\/wp\/v2\/posts\/26566\/revisions"}],"predecessor-version":[{"id":26572,"href":"https:\/\/lukardi.com\/se\/wp-json\/wp\/v2\/posts\/26566\/revisions\/26572"}],"wp:attachment":[{"href":"https:\/\/lukardi.com\/se\/wp-json\/wp\/v2\/media?parent=26566"}],"wp:term":[{"taxonomy":"category","embeddable":true,"href":"https:\/\/lukardi.com\/se\/wp-json\/wp\/v2\/categories?post=26566"},{"taxonomy":"post_tag","embeddable":true,"href":"https:\/\/lukardi.com\/se\/wp-json\/wp\/v2\/tags?post=26566"}],"curies":[{"name":"wp","href":"https:\/\/api.w.org\/{rel}","templated":true}]}}